[{"@context":"https:\/\/schema.org\/","@type":"Article","@id":"https:\/\/www.dosla.cz\/bude-politika-zase-nekdy-pro-lidi\/#Article","mainEntityOfPage":"https:\/\/www.dosla.cz\/bude-politika-zase-nekdy-pro-lidi\/","headline":"Bude politika zase n\u011bkdy pro lidi?","name":"Bude politika zase n\u011bkdy pro lidi?","description":"V \u010cesk\u00e9 republice m\u00e1me demokracii, co\u017e znamen\u00e1 \u017ee si obyvatel\u00e9 vol\u00ed do \u00fa\u0159ad\u016f zvolen\u00e9 z\u00e1stupce, kte\u0159\u00ed by m\u011bli n\u00e1sledovat p\u0159\u00e1n\u00ed a v\u016fli lidu. Nicm\u00e9n\u011b tak &hellip;","datePublished":"2024-03-05","dateModified":"2024-03-05","author":{"@type":"Person","@id":"https:\/\/www.dosla.cz\/author\/#Person","name":"","url":"https:\/\/www.dosla.cz\/author\/","identifier":1,"image":{"@type":"ImageObject","@id":"https:\/\/secure.gravatar.com\/avatar\/f2ab007ed309e3d84abcf4139c5580b2bc94c721f9294eeb027f25de56e0a35e?s=96&d=mm&r=g","url":"https:\/\/secure.gravatar.com\/avatar\/f2ab007ed309e3d84abcf4139c5580b2bc94c721f9294eeb027f25de56e0a35e?s=96&d=mm&r=g","height":96,"width":96}},"publisher":{"@type":"Organization","name":"dosla.cz","logo":{"@type":"ImageObject","@id":"\/logo.png","url":"\/logo.png","width":600,"height":60}},"image":{"@type":"ImageObject","@id":"https:\/\/www.dosla.cz\/wp-content\/uploads\/pexels-edmond-dantes-7103169_1.jpg","url":"https:\/\/www.dosla.cz\/wp-content\/uploads\/pexels-edmond-dantes-7103169_1.jpg","height":0,"width":0},"url":"https:\/\/www.dosla.cz\/bude-politika-zase-nekdy-pro-lidi\/","about":["Politika"],"wordCount":409,"articleBody":"V \u010cesk\u00e9 republice m\u00e1me demokracii, co\u017e znamen\u00e1 \u017ee si obyvatel\u00e9 vol\u00ed do \u00fa\u0159ad\u016f zvolen\u00e9 z\u00e1stupce, kte\u0159\u00ed by m\u011bli n\u00e1sledovat p\u0159\u00e1n\u00ed a v\u016fli lidu. Nicm\u00e9n\u011b tak to samoz\u0159ejm\u011b nen\u00ed a drtiv\u00e1 v\u011bt\u0161ina politik\u016f se chce dostat do funkc\u00ed jen kv\u016fli pen\u011bz\u016fm. Politici maj\u00ed ka\u017ed\u00fd rok st\u00e1le v\u00edce pen\u011bz, a tak nen\u00ed divu, \u017ee roste po\u010det lid\u00ed, kte\u0159\u00ed zva\u017euj\u00ed kandidaturu. Kdo by necht\u011bl m\u00edt stovky tis\u00edc korun m\u011bs\u00ed\u010dn\u011b v podstat\u011b za nic? Obrovsk\u00fd probl\u00e9m je v tom, \u017ee mnoz\u00ed politici jsou politiky p\u0159\u00edli\u0161 dlouho a jsou zcela odtr\u017eeni od reality. Probl\u00e9my, kter\u00e9 skute\u010dn\u011b tr\u00e1p\u00ed obyvatele je nezaj\u00edmaj\u00ed, nato\u017e aby je \u0159e\u0161ili.A kdy\u017e u\u017e se najde nov\u00e1 strana a lid\u00e9, kte\u0159\u00ed by do politiky cht\u011bli za \u00fa\u010delem zm\u011bny, okam\u017eit\u011b je ostatn\u00ed, kte\u0159\u00ed jsou ve funkc\u00edch u\u017e velmi dlouho, ozna\u010d\u00ed za populisty. Tradi\u010dn\u00ed politici r\u00e1di v\u0161echny okolo dehonestuj\u00ed s c\u00edlem p\u0159esv\u011bd\u010dit voli\u010de, \u017ee se stejn\u011b nic nezm\u011bn\u00ed, kdy\u017e budou volit nov\u00e9 a mal\u00e9 strany, a \u017ee \u0161anci maj\u00ed jen velk\u00e9 a tradi\u010dn\u00ed strany. Tak to ale samoz\u0159ejm\u011b nen\u00ed. Faktem je, \u017ee pokud by se do sn\u011bmovny dostalo v\u00edce mal\u00fdch stran, m\u016f\u017ee b\u00fdt v\u011bt\u0161\u00ed probl\u00e9m sestavit vl\u00e1du \u2013 v\u011bt\u0161\u00ed po\u010det stran se bude h\u016f\u0159e domlouvat. Nicm\u00e9n\u011b je tak\u00e9 pot\u0159eba m\u00edt v politice n\u011bkoho nov\u00e9ho, a p\u0159edev\u0161\u00edm je nutn\u00e9 v n\u00ed m\u00edt lidi, kte\u0159\u00ed do politiky nejdou jen kv\u016fli tomu, aby nemuseli chodit do pr\u00e1ce.Bohu\u017eel pro nov\u00e9 strany ale voli\u010di nakonec podlehnou tlaku a \u0159eknou si, \u017ee jeden hlas opravdu nic nezm\u011bn\u00ed. A kdy\u017e si to \u0159ekne milion lid\u00ed, jak\u00fd bude v\u00fdsledek? Kdy\u017e volit nebudou, tak naprosto \u017e\u00e1dn\u00fd. A kdy\u017e budou volit st\u00e1le ty stejn\u00e9 tv\u00e1\u0159e dokola, tak\u00e9 se nezm\u011bn\u00ed v\u016fbec nic. Jedin\u00e9 \u0159e\u0161en\u00ed je skute\u010dn\u011b p\u0159em\u00fd\u0161let nad t\u00edm kdo v politice je, jak\u00e9 m\u00e1 c\u00edle, jak\u00fd je to \u010dlov\u011bk a pokud s nimi nejsou lid\u00e9 spokojen\u00ed, je nutn\u00e9 opravdu za\u010d\u00edt volit jinak. Zaj\u00edmejte se o to, kdo je ve vysok\u00fdch funkc\u00edch a nevolte ty stejn\u00e9 strany a lidi jen proto, \u017ee je zn\u00e1te.                                                                                                                                                                                                                                                                                                                                                                                        3.4\/5 - (5 votes)        "},{"@context":"https:\/\/schema.org\/","@type":"BreadcrumbList","itemListElement":[{"@type":"ListItem","position":1,"name":"Bude politika zase n\u011bkdy pro lidi?","item":"https:\/\/www.dosla.cz\/bude-politika-zase-nekdy-pro-lidi\/#breadcrumbitem"}]}]