[{"@context":"https:\/\/schema.org\/","@type":"Article","@id":"https:\/\/www.dosla.cz\/mame-se-na-co-tesit\/#Article","mainEntityOfPage":"https:\/\/www.dosla.cz\/mame-se-na-co-tesit\/","headline":"M\u00e1me se na co t\u011b\u0161it","name":"M\u00e1me se na co t\u011b\u0161it","description":"\u00b7\u00a0\u00a0\u00a0\u00a0\u00a0\u00a0\u00a0\u00a0 Zelen\u00e1 s \u010dervenou. Boj\u00edte se, \u017ee budete vypadat jako semafor? Nebojte, takzvan\u00fd color-blocking, neboli kombinov\u00e1n\u00ed n\u011bkolika v\u00fdrazn\u00fdch barev, je po\u0159\u00e1d je\u0161t\u011b v m\u00f3d\u011b. Obl\u00e9kn\u011bte &hellip;","datePublished":"2023-05-15","dateModified":"2023-05-15","author":{"@type":"Person","@id":"https:\/\/www.dosla.cz\/author\/#Person","name":"","url":"https:\/\/www.dosla.cz\/author\/","identifier":1,"image":{"@type":"ImageObject","@id":"https:\/\/secure.gravatar.com\/avatar\/f2ab007ed309e3d84abcf4139c5580b2bc94c721f9294eeb027f25de56e0a35e?s=96&d=mm&r=g","url":"https:\/\/secure.gravatar.com\/avatar\/f2ab007ed309e3d84abcf4139c5580b2bc94c721f9294eeb027f25de56e0a35e?s=96&d=mm&r=g","height":96,"width":96}},"publisher":{"@type":"Organization","name":"dosla.cz","logo":{"@type":"ImageObject","@id":"\/logo.png","url":"\/logo.png","width":600,"height":60}},"image":{"@type":"ImageObject","@id":"https:\/\/www.dosla.cz\/wp-content\/uploads\/img_a306934_w2452_t1518248932.jpg","url":"https:\/\/www.dosla.cz\/wp-content\/uploads\/img_a306934_w2452_t1518248932.jpg","height":0,"width":0},"url":"https:\/\/www.dosla.cz\/mame-se-na-co-tesit\/","wordCount":394,"articleBody":"\u00b7\u00a0\u00a0\u00a0\u00a0\u00a0\u00a0\u00a0\u00a0 Zelen\u00e1 s \u010dervenou. Boj\u00edte se, \u017ee budete vypadat jako semafor? Nebojte, takzvan\u00fd color-blocking, neboli kombinov\u00e1n\u00ed n\u011bkolika v\u00fdrazn\u00fdch barev, je po\u0159\u00e1d je\u0161t\u011b v m\u00f3d\u011b. Obl\u00e9kn\u011bte si t\u0159eba \u0161irokou \u010dervenou sukni a k n\u00ed zelen\u00fd top, nebo naopak zelen\u00e9 kalhoty a k nim voln\u011bj\u0161\u00ed \u010derven\u00e9 t\u00edlko. Cel\u00fd outfit perfektn\u011b dopln\u00ed i \u017elut\u00e1 nebo azurov\u011b modr\u00e1. A pokud je na v\u00e1s kombinov\u00e1n\u00ed n\u011bkolika barevn\u00fdch kus\u016f oble\u010den\u00ed p\u0159\u00edli\u0161 odv\u00e1\u017en\u00e9, m\u016f\u017eete se vy\u0159\u00e1dit t\u0159eba na kabelce, \u0161\u00e1tku nebo sponce do vlas\u016f\u00b7\u00a0\u00a0\u00a0\u00a0\u00a0\u00a0\u00a0\u00a0 Zelen\u00e1 a \u017elut\u00e1. Dv\u011b vesel\u00e9 barvy jara, kter\u00e9 p\u0159\u00edmo sv\u00e1d\u011bj\u00ed k hrav\u00fdm model\u016fm. Vyzkou\u0161ejte je t\u0159eba na zelen\u00fdch \u0161atech se \u017elut\u00fdmi punt\u00edky nebo dopl\u0148te zelen\u00e9 tri\u010dko \u017elut\u00fdm \u0161\u00e1tkem. Podle intenzity barvy se zm\u011bn\u00ed i n\u00e1lada modelu. V pastelov\u00fdch barv\u00e1ch budete n\u011b\u017en\u00e1, v syt\u00fdch zase rozvern\u00e1 a hrav\u00e1. M\u016f\u017eete zkusit i variantu jedn\u00e9 syt\u00e9 a jedn\u00e9 jemn\u011bj\u0161\u00ed barvy. Hrajte si se vzory, krom\u011b punt\u00edk\u016f budou skv\u011ble vypadat i prou\u017eky nebo k\u00e1ro.\u00b7\u00a0\u00a0\u00a0\u00a0\u00a0\u00a0\u00a0\u00a0 Modr\u00e1 a zelen\u00e1. O\u0161idn\u00fd mix. Ob\u011b barvy toti\u017e evokuj\u00ed vodu, a tak si dejte pozor, a\u0165 nevypad\u00e1te jako chod\u00edc\u00ed akv\u00e1rium. Ide\u00e1ln\u00ed je zvolit jednu barvu jako dominantn\u00ed, a v druh\u00e9 ladit dopl\u0148ky. Tedy k modr\u00e9mu kost\u00fdmku zelen\u00e9 n\u00e1u\u0161nice nebo naopak. V tomto p\u0159\u00edpad\u011b je tak\u00e9 dobr\u00e9 sladit intenzitu barev, tedy syt\u00e9 k syt\u00e9mu, pastelov\u00e9 k pastelov\u00e9mu.\u00b7\u00a0\u00a0\u00a0\u00a0\u00a0\u00a0\u00a0\u00a0 Zelen\u00e1 a b\u00edl\u00e1. \u017de zeleno-b\u00edl\u00e1 evokuje doktory a nemocni\u010dn\u00ed s\u00e1ly? Ale v\u016fbec. Takov\u00e9 zelen\u00e9 kalhoty dodaj\u00ed \u0161mrnc i oby\u010dejn\u00e9 b\u00edl\u00e9 ko\u0161ili, a p\u0159itom to po\u0159\u00e1d bude model do kancel\u00e1\u0159e i na sch\u016fzku. Vyberte si zelenou v tlumen\u011bj\u0161\u00ed barv\u011b, a uvid\u00edte, \u017ee dopln\u011bn\u00e9 o p\u0159\u00edrodn\u00ed barvy z\u00edsk\u00e1te elegantn\u00ed, p\u0159itom neot\u0159el\u00fd outfit.\u00b7\u00a0\u00a0\u00a0\u00a0\u00a0\u00a0\u00a0\u00a0 Zelen\u00e1 a \u010dern\u00e1. \u010cern\u00e1 se hod\u00ed ke v\u0161emu, a zelen\u00e1 nen\u00ed v\u00fdjimkou. D\u00e1 se mixovat se v\u0161emi odst\u00edny, od k\u0159iklav\u011b zelen\u00e9 a\u017e po jemn\u00e9. Klasikou je samoz\u0159ejm\u011b \u010dern\u00e9 triko, ale zkuste t\u0159eba i pruhovanou sukni nebo metalick\u00e9 efekty. \u0160aty s \u010derno-zelen\u00fdmi flitry z v\u00e1s ud\u011blaj\u00ed kr\u00e1lovnu ve\u010dera.                                                                                                                                                                                                                                                                                                                                                                                        4\/5 - (5 votes)        "},{"@context":"https:\/\/schema.org\/","@type":"BreadcrumbList","itemListElement":[{"@type":"ListItem","position":1,"name":"M\u00e1me se na co t\u011b\u0161it","item":"https:\/\/www.dosla.cz\/mame-se-na-co-tesit\/#breadcrumbitem"}]}]