[{"@context":"https:\/\/schema.org\/","@type":"Article","@id":"https:\/\/www.dosla.cz\/nesrovnavejte-se-s-kamaradkami\/#Article","mainEntityOfPage":"https:\/\/www.dosla.cz\/nesrovnavejte-se-s-kamaradkami\/","headline":"Nesrovn\u00e1vejte se s kamar\u00e1dkami","name":"Nesrovn\u00e1vejte se s kamar\u00e1dkami","description":"\u017deny maj\u00ed sklon srovn\u00e1vat sv\u016fj vzhled s kamar\u00e1dkami, ale i s \u00fapln\u011b ciz\u00edmi \u017eenami. V\u011bt\u0161ina \u017een si vz\u00e1jemn\u011b z\u00e1vid\u00ed postavu a kade\u0159e, proto\u017ee tyto dv\u011b &hellip;","datePublished":"2025-02-12","dateModified":"2025-02-12","author":{"@type":"Person","@id":"https:\/\/www.dosla.cz\/author\/#Person","name":"","url":"https:\/\/www.dosla.cz\/author\/","identifier":1,"image":{"@type":"ImageObject","@id":"https:\/\/secure.gravatar.com\/avatar\/f2ab007ed309e3d84abcf4139c5580b2bc94c721f9294eeb027f25de56e0a35e?s=96&d=mm&r=g","url":"https:\/\/secure.gravatar.com\/avatar\/f2ab007ed309e3d84abcf4139c5580b2bc94c721f9294eeb027f25de56e0a35e?s=96&d=mm&r=g","height":96,"width":96}},"publisher":{"@type":"Organization","name":"dosla.cz","logo":{"@type":"ImageObject","@id":"\/logo.png","url":"\/logo.png","width":600,"height":60}},"url":"https:\/\/www.dosla.cz\/nesrovnavejte-se-s-kamaradkami\/","wordCount":253,"articleBody":"\u017deny maj\u00ed sklon srovn\u00e1vat sv\u016fj vzhled s kamar\u00e1dkami, ale i s \u00fapln\u011b ciz\u00edmi \u017eenami. V\u011bt\u0161ina \u017een si vz\u00e1jemn\u011b z\u00e1vid\u00ed postavu a kade\u0159e, proto\u017ee tyto dv\u011b v\u011bci se udr\u017euj\u00ed h\u016f\u0159e, ne\u017e t\u0159eba nehty. Pokud jste od p\u0159\u00edrody nez\u00edskala kade\u0159e, po kter\u00fdch tou\u017e\u00edte, nemus\u00edte se tr\u00e1pit s faktem, \u017ee je ve va\u0161em okol\u00ed \u017eena, kter\u00e9 toto dop\u0159\u00e1no bylo. S prodlu\u017eov\u00e1n\u00ed vlas\u016f v Praze m\u016f\u017eete b\u00fdt i vy kr\u00e1sn\u00e1 se v\u0161\u00edm v\u0161udy. Nav\u0161tivte n\u00e1\u0161 web, kde si m\u016f\u017eete prohl\u00e9dnout na\u0161e spokojen\u00e9 klientky, kter\u00e9 u n\u00e1s z\u00edskaly vy\u0161\u0161\u00ed sebev\u011bdom\u00ed pr\u00e1v\u011b d\u00edky nov\u00fdm, zdrav\u00fdm a kvalitn\u00edm kade\u0159\u00edm. Nepla\u0165te v\u00edce \u017deny maj\u00ed r\u00e1dy i slevy, a to v jak\u00e9mkoliv odv\u011btv\u00ed \u017eivota. Proto v\u00e1m i my p\u0159in\u00e1\u0161\u00edme slevy, kter\u00e9 m\u016f\u017eete vyu\u017e\u00edt v dob\u011b jejich platnosti. R\u00e1di v\u00e1m dop\u0159ejeme prvot\u0159\u00eddn\u00ed p\u00e9\u010di, kterou si zaslou\u017e\u00edte. Nepla\u0165te jinde v\u00edce, ne\u017e mus\u00edte, a p\u0159ij\u010fte k n\u00e1m. Za p\u0159\u00edjemnou cenu v\u00e1m se\u017eeneme materi\u00e1l ve v\u00e1mi po\u017eadovan\u00e9 barv\u011b, a napleteme v\u00e1m jej kvalitn\u011b. V\u00fdsledek bude skv\u011bl\u00fd, a n\u00e1plet nebude poznat. P\u0159ijdete s \u0159\u00eddk\u00fdmi a kr\u00e1tk\u00fdmi kade\u0159emi, a odch\u00e1zet budete s bujnou k\u0161tic\u00ed.                                                                                                                                                                                                                                                                                                                                                                                        4\/5 - (1 vote)        "},{"@context":"https:\/\/schema.org\/","@type":"BreadcrumbList","itemListElement":[{"@type":"ListItem","position":1,"name":"Nesrovn\u00e1vejte se s kamar\u00e1dkami","item":"https:\/\/www.dosla.cz\/nesrovnavejte-se-s-kamaradkami\/#breadcrumbitem"}]}]