[{"@context":"https:\/\/schema.org\/","@type":"Article","@id":"https:\/\/www.dosla.cz\/obleceni-pro-miminka\/#Article","mainEntityOfPage":"https:\/\/www.dosla.cz\/obleceni-pro-miminka\/","headline":"Oble\u010den\u00ed pro miminka","name":"Oble\u010den\u00ed pro miminka","description":"U\u017e n\u011bkolik t\u00fddn\u016f p\u0159ed o\u010dek\u00e1v\u00e1n\u00fdm porodem je pot\u0159eba za\u010d\u00edt d\u00e1vat dohromady prvn\u00ed kousky kojeneck\u00e9ho oble\u010den\u00ed. V dne\u0161n\u00ed \u00fa\u017easn\u00e9 dob\u011b internetu lze koupit sety no\u0161en\u00e9ho oble\u010den\u00ed &hellip;","datePublished":"2021-12-25","dateModified":"2023-05-15","author":{"@type":"Person","@id":"https:\/\/www.dosla.cz\/author\/#Person","name":"","url":"https:\/\/www.dosla.cz\/author\/","identifier":1,"image":{"@type":"ImageObject","@id":"https:\/\/secure.gravatar.com\/avatar\/f2ab007ed309e3d84abcf4139c5580b2bc94c721f9294eeb027f25de56e0a35e?s=96&d=mm&r=g","url":"https:\/\/secure.gravatar.com\/avatar\/f2ab007ed309e3d84abcf4139c5580b2bc94c721f9294eeb027f25de56e0a35e?s=96&d=mm&r=g","height":96,"width":96}},"publisher":{"@type":"Organization","name":"dosla.cz","logo":{"@type":"ImageObject","@id":"\/logo.png","url":"\/logo.png","width":600,"height":60}},"image":{"@type":"ImageObject","@id":"https:\/\/www.dosla.cz\/wp-content\/uploads\/kojeneck%C3%A9%20oble%C4%8Den%C3%AD_3.jpg","url":"https:\/\/www.dosla.cz\/wp-content\/uploads\/kojeneck%C3%A9%20oble%C4%8Den%C3%AD_3.jpg","height":0,"width":0},"url":"https:\/\/www.dosla.cz\/obleceni-pro-miminka\/","about":["Nakupov\u00e1n\u00ed"],"wordCount":654,"articleBody":"      U\u017e n\u011bkolik t\u00fddn\u016f p\u0159ed o\u010dek\u00e1v\u00e1n\u00fdm porodem je pot\u0159eba za\u010d\u00edt d\u00e1vat dohromady prvn\u00ed kousky kojeneck\u00e9ho oble\u010den\u00ed. V dne\u0161n\u00ed \u00fa\u017easn\u00e9 dob\u011b internetu lze koupit sety no\u0161en\u00e9ho oble\u010den\u00ed za p\u00e1r korun od ostatn\u00edch maminek. Existuj\u00ed ale tak\u00e9 d\u011btsk\u00e9 kamenn\u00e9 baz\u00e1rky, jako nap\u0159\u00edklad Bublinka na Lounsku. Je zn\u00e1mo, \u017ee mal\u00e1 miminka nedok\u00e1\u017eou to oble\u010den\u00ed \u00fapln\u011b zni\u010dit, tak\u017ee ho sta\u010d\u00ed pouze vyprat. Nav\u00edc, kdy\u017e najdete tu spr\u00e1vnou maminku, m\u016f\u017eete se dostat i ke zna\u010dkov\u00fdm v\u011bcem, kter\u00e9 byste za plnou cenu nejsp\u00ed\u0161 nekoupila.M\u00e1m r\u00e1da n\u00e1kupy z druh\u00e9 ruky. V\u00fdhodou je, \u017ee se zbyte\u010dn\u011b nevyhazuje oble\u010den\u00ed a z\u00e1rove\u0148 se chr\u00e1n\u00ed \u017eivotn\u00ed prost\u0159ed\u00ed. Jestli\u017ee, ale d\u00e1v\u00e1te p\u0159ednost nov\u00e9mu, origin\u00e1ln\u00edmu oble\u010den\u00ed na webu takov\u00e9 najdete.M\u00e1m osmim\u011bs\u00ed\u010dn\u00edho chlape\u010dka a za tu dobu jsem u\u017e poznala, \u017ee bod\u00fd\u010dek nen\u00ed nikdy dost, naopak tepl\u00e1\u010dk\u016f, kalhot, mikin a svet\u0159\u00edk\u016f zas tolik m\u00edt nemus\u00edte. Ale proto\u017ee m\u00e1me babi\u010dku, kter\u00e1 kdy\u017e vejde do obchodu s d\u011btsk\u00fdm oble\u010den\u00edm, tak v\u017edycky n\u011bco p\u0159inese, i u n\u00e1s ve sk\u0159\u00edni se pomalu hromad\u00ed mikiny nebo zimn\u00ed \u010depice jak pro dal\u0161\u00ed dv\u011b d\u011bti. Podle m\u011b je zbyte\u010dn\u00e9 m\u00edt tolik svr\u0161k\u016f. Kdy\u017e si vezmete, kam se to mim\u010do dostane \u2013 v\u011bt\u0161inu \u010dasu je bu\u010f doma, kde mu sta\u010d\u00ed pun\u010doch\u00e1\u010de, anebo v ko\u010d\u00e1rku, pop\u0159\u00edpad\u011b v nos\u00edtku nebo \u0161\u00e1tku, ze kter\u00e9ho mu \u010douh\u00e1 jen hlava.Nebudu tu vypisovat, jak\u00e9 velikosti jsou v tom ur\u010dit\u00e9m m\u011bs\u00edci, ka\u017ed\u00e9 miminko roste r\u016fzn\u011b rychle. Cht\u011bla bych se ale zam\u011b\u0159it na obchody, kter\u00e9 kojeneck\u00e9 oble\u010den\u00ed prod\u00e1vaj\u00ed.Prodejny Pepco jsou u n\u00e1s u\u017e dlouhou dobu a jsou zn\u00e1m\u00e9 t\u00edm, \u017ee prod\u00e1vaj\u00ed levn\u00e9, docela kvalitn\u00ed a p\u011bkn\u00e9 oble\u010den\u00ed nejen pro kojence. Sama tam r\u00e1da nakupuju. V\u017edycky tam najdu kr\u00e1sn\u00e9 kousky a m\u00e9mu synkovi perfektn\u011b sed\u00ed. Kvalita kojeneck\u00e9ho oble\u010den\u00ed z Lidlu zna\u010dky Lupilu se mi tolik nel\u00edb\u00ed. P\u0159ijde mi, \u017ee po p\u00e1r vypr\u00e1n\u00ed ztr\u00e1c\u00ed svoji pevnost a za\u010d\u00edn\u00e1 b\u00fdt \u2013 nejde to \u0159\u00edct jinak \u2013 vytahan\u00e9. P\u0159\u00edkladem m\u016f\u017eou b\u00fdt pun\u010doch\u00e1\u010de, kter\u00fdm po p\u00e1r no\u0161en\u00ed povolila guma kolem pasu. Zna\u010dka F&amp;F se mi opravdu hodn\u011b l\u00edb\u00ed.Je pravda, \u017ee ceny oble\u010den\u00ed jsou o n\u011bco vy\u0161\u0161\u00ed ne\u017e v obou p\u0159edchoz\u00edch obchodech, za to ale nekoup\u00edte nic nekvalitn\u00edho. Mus\u00edm ale zm\u00ednit jednu v\u011bc, kter\u00e1 m\u011b p\u0159i n\u00e1kupu dost zklamala. Na za\u010d\u00e1tku podzimu jsme sh\u00e1n\u011bli d\u011btsk\u00e9 pun\u010doch\u00e1\u010de ve velikosti 68 a 74. Nev\u00edm jestli jsme \u0161patn\u011b koukali, mo\u017en\u00e1 pot\u0159ebujeme do Tesca buzolu, ale nikde mezi d\u011btsk\u00fdm oble\u010den\u00edm jsme nena\u0161li ani nohavi\u010dku. Kdy\u017e u\u017e jsem to vzdala v chlapeck\u00e9m odd\u011blen\u00ed, zabrousila jsem do d\u00edv\u010d\u00edho, ale ani pro hol\u010di\u010dky pun\u010do\u0161ky neprod\u00e1vali. V podzimn\u00edm obdob\u00ed je to trochu smutn\u00e9. Tento obchod jede v kojeneck\u00fdm sp\u00ed\u0161 na eshopu. V kamenn\u00fdch obchodech toho moc nen\u00ed a cenov\u011b se pohybuj\u00ed na stejn\u00e9 la\u0165ce jako Tesco. Oble\u010den\u00ed maj\u00ed kvalitn\u00ed, ale co do dostupnosti obchod\u016f, jako z\u00e1kazn\u00edk rad\u011bji vol\u00edm Tesco, kter\u00e9 je t\u00e9m\u011b\u0159 v ka\u017ed\u00e9m m\u011bst\u011b.Netrapte se, jestli stejn\u011b jako j\u00e1 m\u00e1te spoustu zbyte\u010dn\u00fdch kus\u016f kojeneck\u00e9ho oble\u010den\u00ed, kter\u00e9 nem\u00e1te \u0161anci unosit. M\u016f\u017eete si s miminkem doma hr\u00e1t t\u0159eba na m\u00f3dn\u00ed p\u0159ehl\u00eddku.                                                                                                                                                                                                                                                                                                                                                                                          4.3\/5 - (12 votes)        "},{"@context":"https:\/\/schema.org\/","@type":"BreadcrumbList","itemListElement":[{"@type":"ListItem","position":1,"name":"Oble\u010den\u00ed pro miminka","item":"https:\/\/www.dosla.cz\/obleceni-pro-miminka\/#breadcrumbitem"}]}]