[{"@context":"https:\/\/schema.org\/","@type":"Blog","@id":"https:\/\/www.dosla.cz#Blog","headline":"Dosla","description":"\nNev\u00edte, jak o sob\u011b nejl\u00e9pe d\u00e1t v\u011bd\u011bt v\u0161em sv\u00fdm potenci\u00e1ln\u00edm z\u00e1kazn\u00edk\u016fm? Pak jste pr\u00e1v\u011b na na\u0161em webu na spr\u00e1vn\u00e9 adrese. Tady se v\u00e1m dostane pomoci.","url":"https:\/\/www.dosla.cz","hasPart":[{"@type":"Article","@id":"https:\/\/www.dosla.cz\/ocistete-se-pomoci-neera-sirupu\/","headline":"O\u010dist\u011bte se pomoc\u00ed neera sirupu","url":"https:\/\/www.dosla.cz\/ocistete-se-pomoci-neera-sirupu\/","datePublished":"2019-10-10","dateModified":"2023-05-15","mainEntityOfPage":"https:\/\/www.dosla.cz\/ocistete-se-pomoci-neera-sirupu\/","author":{"@type":"Person","@id":"https:\/\/www.dosla.cz\/author\/#Person","name":"","url":"https:\/\/www.dosla.cz\/author\/","identifier":1,"image":{"@type":"ImageObject","@id":"https:\/\/secure.gravatar.com\/avatar\/f2ab007ed309e3d84abcf4139c5580b2bc94c721f9294eeb027f25de56e0a35e?s=96&d=mm&r=g","url":"https:\/\/secure.gravatar.com\/avatar\/f2ab007ed309e3d84abcf4139c5580b2bc94c721f9294eeb027f25de56e0a35e?s=96&d=mm&r=g","height":96,"width":96}},"publisher":{"@type":"Organization","name":"dosla.cz","logo":{"@type":"ImageObject","@id":"\/logo.png","url":"\/logo.png","width":600,"height":60}},"image":{"@type":"ImageObject","@id":"https:\/\/www.dosla.cz\/wp-content\/uploads\/img_a373323_w2581_t1584702892.jpg","url":"https:\/\/www.dosla.cz\/wp-content\/uploads\/img_a373323_w2581_t1584702892.jpg","height":0,"width":0},"wordCount":477,"keywords":null},{"@type":"Article","@id":"https:\/\/www.dosla.cz\/jak-byt-uspesny\/","headline":"Jak b\u00fdt \u00fasp\u011b\u0161n\u00fd","url":"https:\/\/www.dosla.cz\/jak-byt-uspesny\/","datePublished":"2019-09-25","dateModified":"2023-05-15","mainEntityOfPage":"https:\/\/www.dosla.cz\/jak-byt-uspesny\/","author":{"@type":"Person","@id":"https:\/\/www.dosla.cz\/author\/#Person","name":"","url":"https:\/\/www.dosla.cz\/author\/","identifier":1,"image":{"@type":"ImageObject","@id":"https:\/\/secure.gravatar.com\/avatar\/f2ab007ed309e3d84abcf4139c5580b2bc94c721f9294eeb027f25de56e0a35e?s=96&d=mm&r=g","url":"https:\/\/secure.gravatar.com\/avatar\/f2ab007ed309e3d84abcf4139c5580b2bc94c721f9294eeb027f25de56e0a35e?s=96&d=mm&r=g","height":96,"width":96}},"publisher":{"@type":"Organization","name":"dosla.cz","logo":{"@type":"ImageObject","@id":"\/logo.png","url":"\/logo.png","width":600,"height":60}},"image":{"@type":"ImageObject","@id":"https:\/\/www.dosla.cz\/wp-content\/uploads\/img_a355319_w3763_t1569678089.jpg","url":"https:\/\/www.dosla.cz\/wp-content\/uploads\/img_a355319_w3763_t1569678089.jpg","height":0,"width":0},"wordCount":532,"keywords":null},{"@type":"Article","@id":"https:\/\/www.dosla.cz\/s-nadhledem-a-predstihem\/","headline":"S nadhledem a p\u0159edstihem!","url":"https:\/\/www.dosla.cz\/s-nadhledem-a-predstihem\/","datePublished":"2019-09-23","dateModified":"2023-05-15","mainEntityOfPage":"https:\/\/www.dosla.cz\/s-nadhledem-a-predstihem\/","author":{"@type":"Person","@id":"https:\/\/www.dosla.cz\/author\/#Person","name":"","url":"https:\/\/www.dosla.cz\/author\/","identifier":1,"image":{"@type":"ImageObject","@id":"https:\/\/secure.gravatar.com\/avatar\/f2ab007ed309e3d84abcf4139c5580b2bc94c721f9294eeb027f25de56e0a35e?s=96&d=mm&r=g","url":"https:\/\/secure.gravatar.com\/avatar\/f2ab007ed309e3d84abcf4139c5580b2bc94c721f9294eeb027f25de56e0a35e?s=96&d=mm&r=g","height":96,"width":96}},"publisher":{"@type":"Organization","name":"dosla.cz","logo":{"@type":"ImageObject","@id":"\/logo.png","url":"\/logo.png","width":600,"height":60}},"image":{"@type":"ImageObject","@id":"https:\/\/www.dosla.cz\/wp-content\/uploads\/img_a355142_w3763_t1569570015.jpg","url":"https:\/\/www.dosla.cz\/wp-content\/uploads\/img_a355142_w3763_t1569570015.jpg","height":0,"width":0},"wordCount":621,"keywords":null},{"@type":"Article","@id":"https:\/\/www.dosla.cz\/temna-zakouti-internetu\/","headline":"Temn\u00e1 z\u00e1kout\u00ed internetu","url":"https:\/\/www.dosla.cz\/temna-zakouti-internetu\/","datePublished":"2019-08-11","dateModified":"2023-05-15","mainEntityOfPage":"https:\/\/www.dosla.cz\/temna-zakouti-internetu\/","author":{"@type":"Person","@id":"https:\/\/www.dosla.cz\/author\/#Person","name":"","url":"https:\/\/www.dosla.cz\/author\/","identifier":1,"image":{"@type":"ImageObject","@id":"https:\/\/secure.gravatar.com\/avatar\/f2ab007ed309e3d84abcf4139c5580b2bc94c721f9294eeb027f25de56e0a35e?s=96&d=mm&r=g","url":"https:\/\/secure.gravatar.com\/avatar\/f2ab007ed309e3d84abcf4139c5580b2bc94c721f9294eeb027f25de56e0a35e?s=96&d=mm&r=g","height":96,"width":96}},"publisher":{"@type":"Organization","name":"dosla.cz","logo":{"@type":"ImageObject","@id":"\/logo.png","url":"\/logo.png","width":600,"height":60}},"image":{"@type":"ImageObject","@id":"https:\/\/www.dosla.cz\/wp-content\/uploads\/img_a353036_w3763_t1567278681.jpg","url":"https:\/\/www.dosla.cz\/wp-content\/uploads\/img_a353036_w3763_t1567278681.jpg","height":0,"width":0},"wordCount":454,"keywords":null},{"@type":"Article","@id":"https:\/\/www.dosla.cz\/politika-a-co-je-vic\/","headline":"Politika a co je v\u00edc?","url":"https:\/\/www.dosla.cz\/politika-a-co-je-vic\/","datePublished":"2019-08-01","dateModified":"2023-05-15","mainEntityOfPage":"https:\/\/www.dosla.cz\/politika-a-co-je-vic\/","author":{"@type":"Person","@id":"https:\/\/www.dosla.cz\/author\/#Person","name":"","url":"https:\/\/www.dosla.cz\/author\/","identifier":1,"image":{"@type":"ImageObject","@id":"https:\/\/secure.gravatar.com\/avatar\/f2ab007ed309e3d84abcf4139c5580b2bc94c721f9294eeb027f25de56e0a35e?s=96&d=mm&r=g","url":"https:\/\/secure.gravatar.com\/avatar\/f2ab007ed309e3d84abcf4139c5580b2bc94c721f9294eeb027f25de56e0a35e?s=96&d=mm&r=g","height":96,"width":96}},"publisher":{"@type":"Organization","name":"dosla.cz","logo":{"@type":"ImageObject","@id":"\/logo.png","url":"\/logo.png","width":600,"height":60}},"image":{"@type":"ImageObject","@id":"https:\/\/www.dosla.cz\/wp-content\/uploads\/img_a352992_w3763_t1567272983.jpg","url":"https:\/\/www.dosla.cz\/wp-content\/uploads\/img_a352992_w3763_t1567272983.jpg","height":0,"width":0},"wordCount":4428,"keywords":null},{"@type":"Article","@id":"https:\/\/www.dosla.cz\/zaskakejte-si-pro-radost-i-pro-peknou-postavu\/","headline":"Zask\u00e1kejte si pro radost i pro p\u011bknou postavu","url":"https:\/\/www.dosla.cz\/zaskakejte-si-pro-radost-i-pro-peknou-postavu\/","datePublished":"2019-07-09","dateModified":"2023-05-15","mainEntityOfPage":"https:\/\/www.dosla.cz\/zaskakejte-si-pro-radost-i-pro-peknou-postavu\/","author":{"@type":"Person","@id":"https:\/\/www.dosla.cz\/author\/#Person","name":"","url":"https:\/\/www.dosla.cz\/author\/","identifier":1,"image":{"@type":"ImageObject","@id":"https:\/\/secure.gravatar.com\/avatar\/f2ab007ed309e3d84abcf4139c5580b2bc94c721f9294eeb027f25de56e0a35e?s=96&d=mm&r=g","url":"https:\/\/secure.gravatar.com\/avatar\/f2ab007ed309e3d84abcf4139c5580b2bc94c721f9294eeb027f25de56e0a35e?s=96&d=mm&r=g","height":96,"width":96}},"publisher":{"@type":"Organization","name":"dosla.cz","logo":{"@type":"ImageObject","@id":"\/logo.png","url":"\/logo.png","width":600,"height":60}},"image":{"@type":"ImageObject","@id":"https:\/\/www.dosla.cz\/wp-content\/uploads\/img_a354181_w1700_t1568715209.jpg","url":"https:\/\/www.dosla.cz\/wp-content\/uploads\/img_a354181_w1700_t1568715209.jpg","height":0,"width":0},"wordCount":559,"keywords":null},{"@type":"Article","@id":"https:\/\/www.dosla.cz\/tvorba-vyberu-na-instagramu\/","headline":"Tvorba v\u00fdb\u011bru na instagramu","url":"https:\/\/www.dosla.cz\/tvorba-vyberu-na-instagramu\/","datePublished":"2019-07-08","dateModified":"2023-05-15","mainEntityOfPage":"https:\/\/www.dosla.cz\/tvorba-vyberu-na-instagramu\/","author":{"@type":"Person","@id":"https:\/\/www.dosla.cz\/author\/#Person","name":"","url":"https:\/\/www.dosla.cz\/author\/","identifier":1,"image":{"@type":"ImageObject","@id":"https:\/\/secure.gravatar.com\/avatar\/f2ab007ed309e3d84abcf4139c5580b2bc94c721f9294eeb027f25de56e0a35e?s=96&d=mm&r=g","url":"https:\/\/secure.gravatar.com\/avatar\/f2ab007ed309e3d84abcf4139c5580b2bc94c721f9294eeb027f25de56e0a35e?s=96&d=mm&r=g","height":96,"width":96}},"publisher":{"@type":"Organization","name":"dosla.cz","logo":{"@type":"ImageObject","@id":"\/logo.png","url":"\/logo.png","width":600,"height":60}},"image":{"@type":"ImageObject","@id":"https:\/\/www.dosla.cz\/wp-content\/uploads\/img_a349935_w2788_t1564899559.jpg","url":"https:\/\/www.dosla.cz\/wp-content\/uploads\/img_a349935_w2788_t1564899559.jpg","height":0,"width":0},"wordCount":4751,"keywords":null},{"@type":"Article","@id":"https:\/\/www.dosla.cz\/proc-se-orientovat-dle-ruznych-kriterii\/","headline":"Pro\u010d se orientovat dle r\u016fzn\u00fdch krit\u00e9ri\u00ed?","url":"https:\/\/www.dosla.cz\/proc-se-orientovat-dle-ruznych-kriterii\/","datePublished":"2019-07-04","dateModified":"2023-05-15","mainEntityOfPage":"https:\/\/www.dosla.cz\/proc-se-orientovat-dle-ruznych-kriterii\/","author":{"@type":"Person","@id":"https:\/\/www.dosla.cz\/author\/#Person","name":"","url":"https:\/\/www.dosla.cz\/author\/","identifier":1,"image":{"@type":"ImageObject","@id":"https:\/\/secure.gravatar.com\/avatar\/f2ab007ed309e3d84abcf4139c5580b2bc94c721f9294eeb027f25de56e0a35e?s=96&d=mm&r=g","url":"https:\/\/secure.gravatar.com\/avatar\/f2ab007ed309e3d84abcf4139c5580b2bc94c721f9294eeb027f25de56e0a35e?s=96&d=mm&r=g","height":96,"width":96}},"publisher":{"@type":"Organization","name":"dosla.cz","logo":{"@type":"ImageObject","@id":"\/logo.png","url":"\/logo.png","width":600,"height":60}},"image":{"@type":"ImageObject","@id":"https:\/\/www.dosla.cz\/wp-content\/uploads\/img_a363774_w4401_t1576516147.jpg","url":"https:\/\/www.dosla.cz\/wp-content\/uploads\/img_a363774_w4401_t1576516147.jpg","height":0,"width":0},"wordCount":489,"keywords":null},{"@type":"Article","@id":"https:\/\/www.dosla.cz\/termalni-lazne-v-cr-a-nedaleko-ceskych-hranic\/","headline":"Term\u00e1ln\u00ed l\u00e1zn\u011b v \u010cR a nedaleko \u010cesk\u00fdch hranic","url":"https:\/\/www.dosla.cz\/termalni-lazne-v-cr-a-nedaleko-ceskych-hranic\/","datePublished":"2019-06-12","dateModified":"2023-05-15","mainEntityOfPage":"https:\/\/www.dosla.cz\/termalni-lazne-v-cr-a-nedaleko-ceskych-hranic\/","author":{"@type":"Person","@id":"https:\/\/www.dosla.cz\/author\/#Person","name":"","url":"https:\/\/www.dosla.cz\/author\/","identifier":1,"image":{"@type":"ImageObject","@id":"https:\/\/secure.gravatar.com\/avatar\/f2ab007ed309e3d84abcf4139c5580b2bc94c721f9294eeb027f25de56e0a35e?s=96&d=mm&r=g","url":"https:\/\/secure.gravatar.com\/avatar\/f2ab007ed309e3d84abcf4139c5580b2bc94c721f9294eeb027f25de56e0a35e?s=96&d=mm&r=g","height":96,"width":96}},"publisher":{"@type":"Organization","name":"dosla.cz","logo":{"@type":"ImageObject","@id":"\/logo.png","url":"\/logo.png","width":600,"height":60}},"image":{"@type":"ImageObject","@id":"https:\/\/www.dosla.cz\/wp-content\/uploads\/img_a348428_w2039_t1563100682.jpg","url":"https:\/\/www.dosla.cz\/wp-content\/uploads\/img_a348428_w2039_t1563100682.jpg","height":0,"width":0},"wordCount":540,"keywords":null},{"@type":"Article","@id":"https:\/\/www.dosla.cz\/nebojte-se-barber-shopu\/","headline":"Nebojte se barber shopu","url":"https:\/\/www.dosla.cz\/nebojte-se-barber-shopu\/","datePublished":"2019-06-12","dateModified":"2023-05-15","mainEntityOfPage":"https:\/\/www.dosla.cz\/nebojte-se-barber-shopu\/","author":{"@type":"Person","@id":"https:\/\/www.dosla.cz\/author\/#Person","name":"","url":"https:\/\/www.dosla.cz\/author\/","identifier":1,"image":{"@type":"ImageObject","@id":"https:\/\/secure.gravatar.com\/avatar\/f2ab007ed309e3d84abcf4139c5580b2bc94c721f9294eeb027f25de56e0a35e?s=96&d=mm&r=g","url":"https:\/\/secure.gravatar.com\/avatar\/f2ab007ed309e3d84abcf4139c5580b2bc94c721f9294eeb027f25de56e0a35e?s=96&d=mm&r=g","height":96,"width":96}},"publisher":{"@type":"Organization","name":"dosla.cz","logo":{"@type":"ImageObject","@id":"\/logo.png","url":"\/logo.png","width":600,"height":60}},"image":{"@type":"ImageObject","@id":"https:\/\/www.dosla.cz\/wp-content\/uploads\/img_a347858_w2912_t1562419980.jpg","url":"https:\/\/www.dosla.cz\/wp-content\/uploads\/img_a347858_w2912_t1562419980.jpg","height":0,"width":0},"wordCount":4447,"keywords":null}]},{"@context":"https:\/\/schema.org","@type":"WebSite","@id":"https:\/\/www.dosla.cz\/#website","name":"Dosla","url":"https:\/\/www.dosla.cz","potentialAction":{"@type":"SearchAction","target":"https:\/\/www.dosla.cz\/?s={search_term_string}","query-input":"required name=search_term_string"}}]