[{"@context":"https:\/\/schema.org\/","@type":"Article","@id":"https:\/\/www.dosla.cz\/rozjedte-svuj-vlastni-blog\/#Article","mainEntityOfPage":"https:\/\/www.dosla.cz\/rozjedte-svuj-vlastni-blog\/","headline":"Rozje\u010fte sv\u016fj vlastn\u00ed blog","name":"Rozje\u010fte sv\u016fj vlastn\u00ed blog","description":"Jste tv\u016fr\u010d\u00ed osobnost, kter\u00e1 se chce d\u00e1le rozv\u00edjet a m\u00edt pro sebe prostor kam d\u00e1vat sv\u00e9 n\u00e1pady a tvorbu? Milujete psan\u00ed \u010dl\u00e1nk\u016f, fotografov\u00e1n\u00ed nebo sd\u011blov\u00e1n\u00ed &hellip;","datePublished":"2018-08-12","dateModified":"2018-08-12","author":{"@type":"Person","@id":"https:\/\/www.dosla.cz\/author\/#Person","name":"","url":"https:\/\/www.dosla.cz\/author\/","identifier":1,"image":{"@type":"ImageObject","@id":"https:\/\/secure.gravatar.com\/avatar\/f2ab007ed309e3d84abcf4139c5580b2bc94c721f9294eeb027f25de56e0a35e?s=96&d=mm&r=g","url":"https:\/\/secure.gravatar.com\/avatar\/f2ab007ed309e3d84abcf4139c5580b2bc94c721f9294eeb027f25de56e0a35e?s=96&d=mm&r=g","height":96,"width":96}},"publisher":{"@type":"Organization","name":"dosla.cz","logo":{"@type":"ImageObject","@id":"\/logo.png","url":"\/logo.png","width":600,"height":60}},"image":{"@type":"ImageObject","@id":"https:\/\/www.dosla.cz\/wp-content\/uploads\/img_a322530_w2562_t1534232257.jpg","url":"https:\/\/www.dosla.cz\/wp-content\/uploads\/img_a322530_w2562_t1534232257.jpg","height":0,"width":0},"url":"https:\/\/www.dosla.cz\/rozjedte-svuj-vlastni-blog\/","wordCount":480,"articleBody":"Jste tv\u016fr\u010d\u00ed osobnost, kter\u00e1 se chce d\u00e1le rozv\u00edjet a m\u00edt pro sebe prostor kam d\u00e1vat sv\u00e9 n\u00e1pady a tvorbu? Milujete psan\u00ed \u010dl\u00e1nk\u016f, fotografov\u00e1n\u00ed nebo sd\u011blov\u00e1n\u00ed sv\u00e9ho n\u00e1zoru?V\u00a0tom p\u0159\u00edpad\u011b byste se m\u011bli zamyslet nad zalo\u017een\u00edm vlastn\u00edho blogu!Je to mnohem jednodu\u0161\u0161\u00ed, ne\u017e se na prvn\u00ed pohled zd\u00e1 a pokud p\u0159ekon\u00e1te prvotn\u00ed p\u0159ek\u00e1\u017eky a bude v\u00e1s to bavit, m\u016f\u017eete si z\u00a0blogov\u00e1n\u00ed postavit dokonce i kari\u00e9ru.1.\u00a0\u00a0\u00a0\u00a0\u00a0\u00a0 Zvolte si sv\u016fj webPro za\u010d\u00e1tek je t\u0159eba se rozhodnout, pod jakou dom\u00e9nou chcete log zalo\u017eit. Mo\u017enost\u00ed je spousta, sta\u010d\u00ed si vybrat tu, kter\u00e1 v\u00e1m nejv\u00edce vyhovuje. A pokud si v\u011b\u0159\u00edte a nechcete blog zakl\u00e1dat pod n\u011bk\u00fdm jin\u00fdm, m\u016f\u017eete si zalo\u017eit svou vlastn\u00ed, kter\u00e1 v\u00e1m bude pat\u0159it.\u00a0\u00a02.\u00a0\u00a0\u00a0\u00a0\u00a0\u00a0 T\u00e9maV\u00fdb\u011br t\u00e9matu m\u016f\u017ee b\u00fdt pro n\u011bkter\u00e9 kl\u00ed\u010dov\u00fd. N\u011bkdo chce ps\u00e1t sv\u00e9 vlastn\u00ed kr\u00e1tk\u00e9 pov\u00eddky nebo p\u0159\u00edb\u011bhy, jin\u00fd chce na str\u00e1nk\u00e1ch zve\u0159ej\u0148ovat sv\u00e9 malby a jin\u00e9 v\u00fdtvarn\u00e9 d\u00edla, dal\u0161\u00ed si zase p\u0159eje ps\u00e1t o \u017eivotn\u00edm stylu, rad\u00e1ch, l\u00ed\u010den\u00ed, obl\u00e9k\u00e1n\u00ed, zahradni\u010den\u00ed, sportu, autech a ta d\u00e1le. Zkr\u00e1tka ka\u017ed\u00fd m\u00e1 jin\u00fd c\u00edl, kam by cht\u011bl sm\u011b\u0159ovat. A\u0165 u\u017e se jedn\u00e1 jen o jedno nebo v\u0161echna t\u00e9mata dohromady, je to jen a jen na v\u00e1s.\u00a0\u00a03.\u00a0\u00a0\u00a0\u00a0\u00a0\u00a0 Vzhled str\u00e1nkyJak se \u0159\u00edk\u00e1, prvn\u00ed dojem je d\u016fle\u017eit\u00fd. A obzvl\u00e1\u0161\u0165 to plat\u00ed pro webov\u00e9 str\u00e1nky. Jakmile nov\u00fd n\u00e1v\u0161t\u011bvn\u00edk klikne na odkaz na va\u0161i str\u00e1nku, jako prvn\u00ed uvid\u00ed celkov\u00fd vzhled, a kdy\u017e se mu nebude l\u00edbit, nejsp\u00ed\u0161e tam dlouho nepobude. Dejte si z\u00e1le\u017eet na tom, aby barvy hezky ladily, p\u00edsmo bylo \u010diteln\u00e9, aby se jeho barva nebila s\u00a0pozad\u00edm, a\u0165 nen\u00ed jeho font a\u017e moc vy\u0161perkovan\u00fd. Pamatujte, \u017ee v\u00a0jednoduchosti je kr\u00e1sa a to se ob\u010das m\u016f\u017ee dost vyplatit.\u00a0\u00a04.\u00a0\u00a0\u00a0\u00a0\u00a0\u00a0 P\u0159ehlednost Nezapom\u00ednejte tak\u00e9 na to, \u017ee ka\u017ed\u00fd n\u00e1v\u0161t\u011bvn\u00edk by se m\u011bl na str\u00e1nce vyznat. A\u0165 v\u00ed, kde je hlavn\u00ed str\u00e1nka, kde se dostane k\u00a0jednotliv\u00fdm \u010dl\u00e1nk\u016fm, kde k\u00a0historii a tak d\u00e1le. Ka\u017ed\u00e1 z\u00e1lo\u017eky by m\u011bla m\u00edt sv\u00e9 m\u00edsto tak, aby se dala dob\u0159e vyhledat a ka\u017ed\u00fd ch\u00e1pal, co kde m\u016f\u017ee naj\u00edt.\u00a05.\u00a0\u00a0\u00a0\u00a0\u00a0\u00a0 Za\u010dn\u011bteJakmile m\u00e1te v\u0161echny p\u0159ede\u0161l\u00e9 body spln\u011bny, nen\u00ed na co \u010dekat a m\u016f\u017eete se d\u00e1t do toho. Vypus\u0165te do sv\u011bta v\u00e1\u0161 prvn\u00ed \u010dl\u00e1nek. Hodn\u011b \u0161t\u011bst\u00ed!                                                                                                                                                                                                                                                                                                                                                                                        4\/5 - (2 votes)        "},{"@context":"https:\/\/schema.org\/","@type":"BreadcrumbList","itemListElement":[{"@type":"ListItem","position":1,"name":"Rozje\u010fte sv\u016fj vlastn\u00ed blog","item":"https:\/\/www.dosla.cz\/rozjedte-svuj-vlastni-blog\/#breadcrumbitem"}]}]