[{"@context":"https:\/\/schema.org\/","@type":"Article","@id":"https:\/\/www.dosla.cz\/stylove-moderni-vkusne-krasne-a-nadcasove\/#Article","mainEntityOfPage":"https:\/\/www.dosla.cz\/stylove-moderni-vkusne-krasne-a-nadcasove\/","headline":"Stylov\u00e9, modern\u00ed, vkusn\u00e9, kr\u00e1sn\u00e9 a nad\u010dasov\u00e9","name":"Stylov\u00e9, modern\u00ed, vkusn\u00e9, kr\u00e1sn\u00e9 a nad\u010dasov\u00e9","description":"Vyrob\u00edme V\u00e1m kuchyni p\u0159\u00edmo na m\u00edru. P\u0159esn\u011b podle Va\u0161ich po\u017eadavk\u016f a Va\u0161ich p\u0159edstav. V dne\u0161n\u00edm sv\u011bt\u011b m\u00e1me neuv\u011b\u0159iteln\u00e9 mo\u017enosti a r\u00e1di se o n\u011b s &hellip;","datePublished":"2017-09-22","dateModified":"2023-05-15","author":{"@type":"Person","@id":"https:\/\/www.dosla.cz\/author\/#Person","name":"","url":"https:\/\/www.dosla.cz\/author\/","identifier":1,"image":{"@type":"ImageObject","@id":"https:\/\/secure.gravatar.com\/avatar\/f2ab007ed309e3d84abcf4139c5580b2bc94c721f9294eeb027f25de56e0a35e?s=96&d=mm&r=g","url":"https:\/\/secure.gravatar.com\/avatar\/f2ab007ed309e3d84abcf4139c5580b2bc94c721f9294eeb027f25de56e0a35e?s=96&d=mm&r=g","height":96,"width":96}},"publisher":{"@type":"Organization","name":"dosla.cz","logo":{"@type":"ImageObject","@id":"\/logo.png","url":"\/logo.png","width":600,"height":60}},"image":{"@type":"ImageObject","@id":"https:\/\/www.dosla.cz\/wp-content\/uploads\/img_a298133_w2046_t1508431182.jpg","url":"https:\/\/www.dosla.cz\/wp-content\/uploads\/img_a298133_w2046_t1508431182.jpg","height":0,"width":0},"url":"https:\/\/www.dosla.cz\/stylove-moderni-vkusne-krasne-a-nadcasove\/","about":["D\u016fm"],"wordCount":424,"articleBody":"Vyrob\u00edme V\u00e1m kuchyni p\u0159\u00edmo na m\u00edru. P\u0159esn\u011b podle Va\u0161ich po\u017eadavk\u016f a Va\u0161ich p\u0159edstav. V dne\u0161n\u00edm sv\u011bt\u011b m\u00e1me neuv\u011b\u0159iteln\u00e9 mo\u017enosti a r\u00e1di se o n\u011b s V\u00e1mi pod\u011bl\u00edme.&#13; &#13; Korpusy sk\u0159\u00edn\u011bk r\u016fzn\u00fdch barev a mo\u017enost\u00ed&#13; Dne\u0161n\u00ed korpusy mohou b\u00fdt pota\u017eeny jakoukoliv barvou! Vyrobeny jsou z 18mm laminovan\u00e9 d\u0159evot\u0159\u00edsky, kter\u00e1 zaru\u010d\u00ed pot\u0159ebnou pevnost a nosnost n\u00e1bytku. Hrany jsou olepeny odolnou 0,5mm ABS hranou. Korpusy jsou dod\u00e1van\u00e9 slepen\u00e9, co\u017e zlev\u0148uje mont\u00e1\u017e cel\u00e9ho prostoru.&#13; \u00b7 Jsme pln\u011b \u010cesk\u00fdm v\u00fdrobcem s dlouholetou tradic\u00ed od roku 1991. &#13; \u00b7 Z\u00e1kazn\u00edky v \u017e\u00e1dn\u00e9m p\u0159\u00edpad\u011b nikdy ne\u0161id\u00edme. Konstrukce je pevn\u00e1 a n\u00e1bytek smontovan\u00fd. &#13; \u00b7 Poskytujeme \u0161irok\u00fd sortiment, kvalitn\u00ed zpracov\u00e1n\u00ed a nad\u010dasov\u00fd design. Z\u00e1ruka 36 m\u011bs\u00edc\u016f. &#13; &#13; Kvalitn\u00ed kuchyn\u011b za p\u011bknou cenu&#13; Chcete si do Va\u0161eho domova kone\u010dn\u011b po\u0159\u00eddit luxusn\u00ed, modern\u00ed a stylovou kuchyni? V\u00fdroba kuchyn\u00ed Plze\u0148 se zam\u011b\u0159uje na designov\u011b p\u0159\u00edjemn\u00e9 styly. Uprav\u00edme vzhled podle Va\u0161\u00ed pot\u0159eby. Vyrob\u00edme p\u0159esn\u011b na m\u00edru cel\u00fd prostor. Nikde nebudou \u017e\u00e1dn\u00e9 d\u00edry ani nesmysln\u00e9 mezery. Zdarma poskytneme 3D n\u00e1vrh. Nebude to trvat dlouho a zanedlouho budete moci va\u0159it v nov\u00e9m, kr\u00e1sn\u00e9m a modern\u00edm prostoru. V\u017edy se v ka\u017ed\u00e9m ohledu pln\u011b p\u0159izp\u016fsobujeme v\u0161em p\u0159\u00e1n\u00edm na\u0161ich klient\u016f. Samoz\u0159ejm\u011b tak\u00e9 db\u00e1me na to, aby cel\u00e1 m\u00edstnost byla praktick\u00e1. M\u016f\u017eeme se p\u0159izp\u016fsobit detail\u016fm, mal\u00fdm i velk\u00fdm rozm\u011br\u016fm, atypick\u00fdm m\u00edstnostem a vytvo\u0159it p\u0159esn\u011b dle Va\u0161ich p\u0159edstav prostor, ve kter\u00e9m se V\u00e1m bude skv\u011ble va\u0159it a p\u0159ipravovat j\u00eddlo.&#13; &#13; L\u00e1ska proch\u00e1z\u00ed \u017ealudkem&#13; Jist\u011b toto hezk\u00e9 a mil\u00e9 po\u0159ekadlo zn\u00e1te. Nejenom, \u017ee l\u00e1ska proch\u00e1z\u00ed \u017ealudkem, co\u017e je jist\u011b pravda, ale tak\u00e9 je to m\u00edsto, kde se setk\u00e1v\u00e1me nej\u010dast\u011bji s rodinou. Va\u0159en\u00edm p\u0159ipravujeme pokrmy a chutn\u00e1 j\u00eddla i pro p\u0159\u00edbuzn\u00e9 a zn\u00e1m\u00e9, i kdy\u017e jim jenom uva\u0159\u00edte kafe nebo \u010daj a nachyst\u00e1te p\u00e1r jednohubek. Rozhodn\u011b l\u00e9pe se V\u00e1m budou chystat v nov\u00e9m a p\u0159\u00edjemn\u00e9m prostoru. Ka\u017ed\u00e1 \u017eena si zaslou\u017e\u00ed va\u0159it v kuchyni, kter\u00e1 bude podle jejich p\u0159edstav. Je to m\u00edsto, kter\u00e9 je srdcem domova.&#13;                                                                                                                                                                                                                                                                                                                                                                                        4.7\/5 - (7 votes)        "},{"@context":"https:\/\/schema.org\/","@type":"BreadcrumbList","itemListElement":[{"@type":"ListItem","position":1,"name":"Stylov\u00e9, modern\u00ed, vkusn\u00e9, kr\u00e1sn\u00e9 a nad\u010dasov\u00e9","item":"https:\/\/www.dosla.cz\/stylove-moderni-vkusne-krasne-a-nadcasove\/#breadcrumbitem"}]}]