[{"@context":"https:\/\/schema.org\/","@type":"Article","@id":"https:\/\/www.dosla.cz\/vidensky-kralik\/#Article","mainEntityOfPage":"https:\/\/www.dosla.cz\/vidensky-kralik\/","headline":"V\u00edde\u0148sk\u00fd kr\u00e1l\u00edk","name":"V\u00edde\u0148sk\u00fd kr\u00e1l\u00edk","description":"Pat\u0159\u00ed k u\u017eitkov\u00fdm plemen\u016fm. M\u00e1 robustn\u00ed t\u011blo a divoce zbarvenou hustou srst. Chov\u00e1me je jak pro maso, tak pro radost. Tento vcelku mohutn\u00fd kr\u00e1l\u00edk je &hellip;","datePublished":"2023-05-15","dateModified":"2023-05-15","author":{"@type":"Person","@id":"https:\/\/www.dosla.cz\/author\/#Person","name":"","url":"https:\/\/www.dosla.cz\/author\/","identifier":1,"image":{"@type":"ImageObject","@id":"https:\/\/secure.gravatar.com\/avatar\/f2ab007ed309e3d84abcf4139c5580b2bc94c721f9294eeb027f25de56e0a35e?s=96&d=mm&r=g","url":"https:\/\/secure.gravatar.com\/avatar\/f2ab007ed309e3d84abcf4139c5580b2bc94c721f9294eeb027f25de56e0a35e?s=96&d=mm&r=g","height":96,"width":96}},"publisher":{"@type":"Organization","name":"dosla.cz","logo":{"@type":"ImageObject","@id":"\/logo.png","url":"\/logo.png","width":600,"height":60}},"image":{"@type":"ImageObject","@id":"https:\/\/www.dosla.cz\/wp-content\/uploads\/img_a300784_w2205_t1510828817.jpg","url":"https:\/\/www.dosla.cz\/wp-content\/uploads\/img_a300784_w2205_t1510828817.jpg","height":0,"width":0},"url":"https:\/\/www.dosla.cz\/vidensky-kralik\/","wordCount":447,"articleBody":"Pat\u0159\u00ed k u\u017eitkov\u00fdm plemen\u016fm. M\u00e1 robustn\u00ed t\u011blo a divoce zbarvenou hustou srst. Chov\u00e1me je jak pro maso, tak pro radost. Tento vcelku mohutn\u00fd kr\u00e1l\u00edk je toti\u017e mil\u00e9, \u017eiv\u00e9 a d\u016fv\u011b\u0159iv\u00e9 zv\u00ed\u0159\u00e1tko. Poch\u00e1z\u00ed z v\u00edde\u0148sk\u00e9ho svazu chovatel\u016f kr\u00e1l\u00edk\u016f. P\u0159edseda tohoto svazu Johann Schultz m\u011bl za \u00fakol vy\u0161lechtit kr\u00e1l\u00edka s hezkou ko\u017ee\u0161inou a dobr\u00fdmi v\u00fdnosy masa, co\u017e se mu poda\u0159ilo. Od roku 1897 se v\u00edde\u0148sk\u00fd kr\u00e1l\u00edk roz\u0161\u00ed\u0159il i do dal\u0161\u00edch zem\u00ed Evropy. V N\u011bmecku chovatel\u00e9 k\u0159\u00ed\u017eili toto plemeno d\u00e1l a vznikaly dal\u0161\u00ed druhy b\u00edl\u00e9, \u010dern\u00e9 a modro\u0161ed\u00e9 srsti.&#13; Pro svou velmi dobrou u\u017eitkovost a plodnost jsou velmi obl\u00edben\u00ed. U\u017e ve \u010dty\u0159ech m\u011bs\u00edc\u00edch maj\u00ed t\u0159i kila a mohou se zpracov\u00e1vat v kuchyni. Maj\u00ed chutn\u00e9, kr\u00e1tk\u00e9 a \u0161\u0165avnat\u00e9 maso. S ohledem na krmen\u00ed dosahuj\u00ed celkov\u00e9 v\u00e1hy a\u017e 5 kg. U n\u00e1s je v sou\u010dasn\u00e9 dob\u011b p\u011bt uznan\u00fdch plemen. Ka\u017ed\u00e9 z t\u011bchto plemen je typick\u00e9 svou barvou srsti.&#13; Neroz\u0161\u00ed\u0159en\u011bj\u0161\u00ed je v\u00edde\u0148sk\u00fd modr\u00fd, kter\u00fd byl vy\u0161lecht\u011bn v Rakousku a kter\u00fd byl mo\u017en\u00e1 k\u0159\u00ed\u017een s p\u016fvodn\u00edmi modr\u00fdmi kr\u00e1l\u00edky z Moravy. Dal\u0161\u00ed je v\u00edde\u0148sk\u00fd b\u00edl\u00fd, vy\u0161lecht\u011bn\u00fd tak\u00e9 v Rakousku k\u0159\u00ed\u017een\u00fd s holandsk\u00fdmi kr\u00e1l\u00edky. V\u00edde\u0148sk\u00fd \u010dern\u00fd vznikl v N\u011bmecku k\u0159\u00ed\u017een\u00edm v\u00edde\u0148sk\u00fdch modr\u00fdch a alja\u0161ek. V\u00edde\u0148sk\u00fd \u0161ed\u00fd vznikl v N\u011bmecku k\u0159\u00ed\u017een\u00edm v\u00edde\u0148sk\u00e9ho modr\u00e9ho a tamn\u00edch star\u00fdch divoce zbarven\u00fdch kr\u00e1l\u00edk\u016f. Posledn\u00edm je v\u00edde\u0148sk\u00fd modro\u0161ed\u00fd, kter\u00fd se \u00fadajn\u011b nach\u00e1zel p\u0159i vzniku v\u00edde\u0148sk\u00e9ho modr\u00e9ho. V pozd\u011bj\u0161\u00edch letech bylo toto plemeno p\u0159id\u00e1no do n\u011bmeck\u00e9ho vzorn\u00edku.&#13; Sami\u010dky jsou skv\u011bl\u00e9 matky, v jednou vrhu m\u00edvaj\u00ed 8-11 ml\u00e1\u010fat. Pokud chceme m\u00edt ekologick\u00e9 a zdrav\u00e9 maso, krm\u00edme jen senem nebo v l\u00e9t\u011b tr\u00e1vou. Pro podporu ml\u00e9\u010dnosti p\u0159id\u00e1v\u00e1me j\u00e1dro. Z jara je velmi zdrav\u00e9 pro kr\u00e1l\u00edky krmen\u00ed z kop\u0159iv, vy\u010dist\u00ed si tak organismus a rychle si pak zvyknou na zelen\u00e9 krmen\u00ed.&#13; Ani t\u011bmto kr\u00e1l\u00edk\u016fm se nemoci nevyh\u00fdbaj\u00ed. Nap\u0159\u00edklad proti kokcidi\u00f3ze n\u011bkte\u0159\u00ed chovatel\u00e9 p\u0159id\u00e1vaj\u00ed kuchy\u0148sk\u00fd ocet. Jako prevence je velmi d\u016fle\u017eit\u00e1 \u010distota a pravideln\u00e9 odstra\u0148ov\u00e1n\u00ed trusu v kotc\u00edch.                                                                                                                                                                                                                                                                                                                                                                                        4.4\/5 - (10 votes)        "},{"@context":"https:\/\/schema.org\/","@type":"BreadcrumbList","itemListElement":[{"@type":"ListItem","position":1,"name":"V\u00edde\u0148sk\u00fd kr\u00e1l\u00edk","item":"https:\/\/www.dosla.cz\/vidensky-kralik\/#breadcrumbitem"}]}]