[{"@context":"https:\/\/schema.org\/","@type":"Article","@id":"https:\/\/www.dosla.cz\/vyplati-se-firemni-stravovani-na-praze\/#Article","mainEntityOfPage":"https:\/\/www.dosla.cz\/vyplati-se-firemni-stravovani-na-praze\/","headline":"Vyplat\u00ed se firemn\u00ed stravov\u00e1n\u00ed na Praze?","name":"Vyplat\u00ed se firemn\u00ed stravov\u00e1n\u00ed na Praze?","description":"Ve velk\u00e9 \u010d\u00e1sti v\u00fdrobn\u00edch komplex\u016f, kter\u00e9 dnes najdeme na okraji ka\u017ed\u00e9ho jen trochu v\u011bt\u0161\u00edho m\u011bsta, je normou, \u017ee zam\u011bstnavatel\u00e9 pro sv\u00e9 pracovn\u00edky za\u0159\u00edd\u00ed j\u00eddelnu. Je &hellip;","datePublished":"2020-07-11","dateModified":"2023-05-15","author":{"@type":"Person","@id":"https:\/\/www.dosla.cz\/author\/#Person","name":"","url":"https:\/\/www.dosla.cz\/author\/","identifier":1,"image":{"@type":"ImageObject","@id":"https:\/\/secure.gravatar.com\/avatar\/f2ab007ed309e3d84abcf4139c5580b2bc94c721f9294eeb027f25de56e0a35e?s=96&d=mm&r=g","url":"https:\/\/secure.gravatar.com\/avatar\/f2ab007ed309e3d84abcf4139c5580b2bc94c721f9294eeb027f25de56e0a35e?s=96&d=mm&r=g","height":96,"width":96}},"publisher":{"@type":"Organization","name":"dosla.cz","logo":{"@type":"ImageObject","@id":"\/logo.png","url":"\/logo.png","width":600,"height":60}},"image":{"@type":"ImageObject","@id":"https:\/\/www.dosla.cz\/wp-content\/uploads\/img_a383833_w3763_t1595491977.jpg","url":"https:\/\/www.dosla.cz\/wp-content\/uploads\/img_a383833_w3763_t1595491977.jpg","height":0,"width":0},"url":"https:\/\/www.dosla.cz\/vyplati-se-firemni-stravovani-na-praze\/","about":["Nakupov\u00e1n\u00ed"],"wordCount":428,"articleBody":"       Ve velk\u00e9 \u010d\u00e1sti v\u00fdrobn\u00edch komplex\u016f, kter\u00e9 dnes najdeme na okraji ka\u017ed\u00e9ho jen trochu v\u011bt\u0161\u00edho m\u011bsta, je normou, \u017ee zam\u011bstnavatel\u00e9 pro sv\u00e9 pracovn\u00edky za\u0159\u00edd\u00ed j\u00eddelnu. Je to i logick\u00e9 \u2013 obchody b\u00fdvaj\u00ed p\u0159\u00edli\u0161 daleko, ne\u017e aby si lid\u00e9 mohli j\u00edt b\u011bhem pauzy n\u011bco koupit, a spol\u00e9hat se na to, \u017ee si \u010dlov\u011bk p\u0159inese j\u00eddlo z domova, se p\u0159\u00edli\u0161 ned\u00e1.  Ov\u0161em jak je tomu v na\u0161em hlavn\u00edm m\u011bst\u011b? I zde najdeme pr\u016fmyslov\u00e9 z\u00f3ny, av\u0161ak jak v\u0161ichni v\u00edme, dostupnost obchod\u016f je zde pom\u011brn\u011b lep\u0161\u00ed. Vyplat\u00ed se tedy z\u0159\u00eddit firemn\u00ed stravov\u00e1n\u00ed na Praze, nebo jde o zbyte\u010dn\u00e9 v\u00fddaje a tedy prakticky neexistuje? Zde je pot\u0159eba si uv\u011bdomit, jak je Praha rozs\u00e1hl\u00e1. A\u010dkoliv se toti\u017e ani zdaleka nevyrovn\u00e1 nejv\u011bt\u0161\u00edm m\u011bst\u016fm planety, p\u0159esto, podobn\u011b jako nap\u0159\u00edklad Lond\u00fdn, pohltila za dobu sv\u00e9ho r\u016fstu nejednu vesnici \u010di m\u011bste\u010dko, kter\u00e9 se n\u00e1sledn\u011b staly jej\u00ed sou\u010d\u00e1st\u00ed a jejich\u017e jm\u00e9na p\u0159e\u017e\u00edvaj\u00ed ji\u017e jen jako n\u00e1zvy \u010dtvrt\u00ed. Z toho tak\u00e9 vypl\u00fdv\u00e1, \u017ee jednotliv\u00e9 \u010dtvrti jsou r\u016fzn\u00e9, a\u0165 u\u017e co do stylu \u010di vybaven\u00ed. V n\u011bkter\u00fdch, zvl\u00e1\u0161t\u011b v t\u011bch bl\u00ed\u017ee ke st\u0159edu, najdeme skute\u010dn\u011b prakticky v\u0161e na dosah ruky. U t\u011bch okrajov\u00fdch to v\u0161ak sp\u00ed\u0161e p\u0159ipom\u00edn\u00e1 vesnici, a to jak podobou domk\u016f, tak celkov\u00fdm rozlo\u017een\u00edm. Kdybyste to nev\u011bd\u011bli, ani byste ne\u0159ekli, \u017ee jste v Praze.  Tato r\u016fznorodost samoz\u0159ejm\u011b znamen\u00e1, \u017ee na v\u00fd\u0161e uvedenou ot\u00e1zku neexistuje jednozna\u010dn\u00e1 odpov\u011b\u010f. V\u0161e z\u00e1vis\u00ed na konkr\u00e9tn\u00edch podm\u00ednk\u00e1ch, na typu pr\u00e1ce, kterou zam\u011bstnanci vykon\u00e1vaj\u00ed, a nakonec tak\u00e9 na v\u016fli a strategii veden\u00ed podniku. P\u0159esto se d\u00e1 \u0159\u00edct, \u017ee je vhodn\u00e9 firemn\u00ed stravov\u00e1n\u00ed Praha za\u0159\u00eddit zejm\u00e9na tam, kde by lid\u00e9 nest\u00edhali chodit si nakupovat do obchodu, jeliko\u017e by to bylo p\u0159\u00edli\u0161 daleko, a tak\u00e9 v situaci, kdy z n\u011bjak\u00e9ho d\u016fvodu nechcete, aby va\u0161i zam\u011bstnanci opou\u0161t\u011bli b\u011bhem trv\u00e1n\u00ed pracovn\u00ed doby are\u00e1l firmy. Jist\u011b, m\u016f\u017ee to b\u00fdt t\u011b\u017ek\u00e9 rozhodov\u00e1n\u00ed. Ale m\u016f\u017ee p\u0159isp\u011bt k pohod\u011b zam\u011bstnanc\u016f a t\u00edm i lep\u0161\u00edm pracovn\u00edm v\u00fdkon\u016fm. A to u\u017e za to stoj\u00ed.                                                                                                                                                                                                                                                                                                                                                                                         5\/5 - (3 votes)        "},{"@context":"https:\/\/schema.org\/","@type":"BreadcrumbList","itemListElement":[{"@type":"ListItem","position":1,"name":"Vyplat\u00ed se firemn\u00ed stravov\u00e1n\u00ed na Praze?","item":"https:\/\/www.dosla.cz\/vyplati-se-firemni-stravovani-na-praze\/#breadcrumbitem"}]}]