[{"@context":"https:\/\/schema.org\/","@type":"Article","@id":"https:\/\/www.dosla.cz\/waldorf-aneb-tak-trochu-jina-skola\/#Article","mainEntityOfPage":"https:\/\/www.dosla.cz\/waldorf-aneb-tak-trochu-jina-skola\/","headline":"Waldorf? Aneb tak trochu jin\u00e1 \u0161kola","name":"Waldorf? Aneb tak trochu jin\u00e1 \u0161kola","description":"V\u00a0dne\u0161n\u00ed dob\u011b je spousta takzvan\u00fdch alternativn\u00edch \u0161kol. A pro\u010d si z\u00a0nich vybrat zrovna waldorfskou \u0161kolu? \u00a0 \u00a0\u00a0\u00a0 Mu\u017e, jm\u00e9nem Rudolf Steiner se narodil 26. 2. &hellip;","datePublished":"2023-05-15","dateModified":"2023-05-15","author":{"@type":"Person","@id":"https:\/\/www.dosla.cz\/author\/#Person","name":"","url":"https:\/\/www.dosla.cz\/author\/","identifier":1,"image":{"@type":"ImageObject","@id":"https:\/\/secure.gravatar.com\/avatar\/f2ab007ed309e3d84abcf4139c5580b2bc94c721f9294eeb027f25de56e0a35e?s=96&d=mm&r=g","url":"https:\/\/secure.gravatar.com\/avatar\/f2ab007ed309e3d84abcf4139c5580b2bc94c721f9294eeb027f25de56e0a35e?s=96&d=mm&r=g","height":96,"width":96}},"publisher":{"@type":"Organization","name":"dosla.cz","logo":{"@type":"ImageObject","@id":"\/logo.png","url":"\/logo.png","width":600,"height":60}},"url":"https:\/\/www.dosla.cz\/waldorf-aneb-tak-trochu-jina-skola\/","wordCount":473,"articleBody":"V\u00a0dne\u0161n\u00ed dob\u011b je spousta takzvan\u00fdch alternativn\u00edch \u0161kol. A pro\u010d si z\u00a0nich vybrat zrovna waldorfskou \u0161kolu?\u00a0\u00a0\u00a0\u00a0 Mu\u017e, jm\u00e9nem Rudolf Steiner se narodil 26. 2. 1861 v\u00a0tehdej\u0161\u00ed Jugosl\u00e1vii. Byl pracovn\u00edkem firmy Waldorf Astoria, zpracov\u00e1vaj\u00edc\u00ed tab\u00e1k a cigarety. V\u00a0dob\u011b, kdy zde pracoval, m\u011bl spoustu ide\u00ed a n\u00e1pad\u016f na zlep\u0161en\u00ed \u0161kolstv\u00ed. Vlastn\u011b ale jen takhle filozofoval a moc se nesna\u017eil n\u011bco zm\u011bnit \u2013 s\u00e1m od sebe by nejsp\u00ed\u0161 nic moc neud\u011blal. Jeho koleg\u016fm se ale n\u00e1pady l\u00edbily a po n\u011bjak\u00e9 dob\u011b ho poprosili, aby vytvo\u0159il \u0161kolu podle jeho p\u0159edstav a u\u010dil v\u00a0n\u00ed jejich d\u011bti.A tak vznikla ve Stuttgartu v\u00a0roce 1919 prvn\u00ed z\u00e1kladn\u00ed Waldorfsk\u00e1 \u0161kola. V\u00a0dne\u0161n\u00ed dob\u011b jsou waldorfsk\u00e9 \u0161koly po cel\u00e9m sv\u011bt\u011b \u2013 jsou jich tis\u00edce \u2013 a\u0165 u\u017e mate\u0159sk\u00e9, z\u00e1kladn\u00ed nebo st\u0159edn\u00ed (lycea). V\u00a0\u010cesk\u00e9 republice je dnes n\u011bkolik des\u00edtek z\u00e1kladn\u00edch a mate\u0159sk\u00fdch \u0161koly a \u010dty\u0159i st\u0159edn\u00ed \u0161koly.\t\t\u00a0\u00a0\u00a0\u00a0\u00a0\u00a0\u00a0\u00a0\u00a0\u00a0\u00a0 Jak\u00e9 jsou tedy p\u0159edstavy a ide\u00e1ly Rudolfa Steinera?\u00a0\u00a0\u00a0\u00a0 V\u00a0zahrani\u010dn\u00edch zem\u00edch se waldorfsk\u00fdm \u0161kol\u00e1m \u0159\u00edk\u00e1 \u201e\u0161kola svobody\u201c \u2013 Pro\u010d? U\u010ditel\u00e9 se zde sna\u017e\u00ed vychovat d\u011bti k\u00a0tomu, aby se v\u00a0dne\u0161n\u00edm sv\u011bt\u011b c\u00edtily svobodn\u00e9. Ve waldorfsk\u00e9 pedagogice je tak\u00e9 d\u016fle\u017eit\u00e9 hled\u00e1n\u00ed souvislost\u00ed mezi jednotliv\u00fdmi p\u0159edm\u011bty \u2013 na tyto souvislosti by m\u011bly d\u011bti p\u0159ij\u00edt samy.\u00a0\u00a0\u00a0\u00a0 Steinerova filozofie tak\u00e9 obsahuje to, \u017ee ka\u017ed\u00fd \u010dlov\u011bk je jin\u00fd a proto m\u00e1 ka\u017ed\u00e1 \u0161kola sv\u016fj individu\u00e1ln\u00ed u\u010debn\u00ed pl\u00e1n, kter\u00fd je sestaven tak, aby se v\u0161ichni \u017e\u00e1ci nau\u010dili od ka\u017ed\u00e9ho p\u0159edm\u011btu\/\u010dinnosti n\u011bco a hlavn\u011b, aby m\u011bl ka\u017ed\u00fd \u0161anci v\u00a0n\u011b\u010dem vyniknout. Ka\u017ed\u00fd \u017e\u00e1k m\u00e1 talent na n\u011bco jin\u00e9ho, a pokud ho u\u010ditel\u00e9 objev\u00ed, sna\u017e\u00ed se jej co nejv\u00edce rozv\u00edjet (nap\u0159\u00edklad, kdy\u017e vid\u00ed, \u017ee m\u00e1 \u017e\u00e1k talent na kresbu\/malbu, p\u0159ihl\u00e1s\u00ed ho do n\u011bjak\u00e9 um\u011bleck\u00e9 sout\u011b\u017ee nebo t\u0159eba, kdy\u017e m\u00e1 talent na zp\u011bv, v\u011bnuj\u00ed se mu v\u00edce ohledn\u011b techniky zp\u011bvu nebo t\u0159eba na vystoupen\u00edch \u0161koly zp\u00edv\u00e1 s\u00f3la.\u00a0\u00a0\u00a0\u00a0 Dal\u0161\u00ed Steinerovou my\u0161lenkou je v\u00fdvin \u010dlov\u011bka v\u00a0takzvan\u00fdch sedmilet\u00edch \u2013 to znamen\u00e1, \u017ee \u010dlov\u011bk v\u00a0sedmi letech pot\u0159ebuje rozv\u00edjet jin\u00e9 dovednosti, ne\u017e \u010dlov\u011bk ve \u010dtrn\u00e1cti \u2013 a podle toho jsou uzp\u016fsobeny u\u010debn\u00ed pl\u00e1ny.\u00a0\u00a0\u00a0\u00a0 Osobn\u011b waldorfskou \u0161kolu doporu\u010duji \u2013 hlavn\u011b pokud nechcete, aby se Va\u0161e d\u00edt\u011b stalo ob\u011bt\u00ed v\u0161ednosti na\u0161eho \u0161kolstv\u00ed. Ka\u017ed\u00fd \u010dlov\u011bk je origin\u00e1l a waldorf ka\u017ed\u00e9mu pom\u016f\u017ee jeho originalitu rozv\u00edjet.                                                                                                                                                                                                                                                                                                                                                                                        4.4\/5 - (9 votes)        "},{"@context":"https:\/\/schema.org\/","@type":"BreadcrumbList","itemListElement":[{"@type":"ListItem","position":1,"name":"Waldorf? Aneb tak trochu jin\u00e1 \u0161kola","item":"https:\/\/www.dosla.cz\/waldorf-aneb-tak-trochu-jina-skola\/#breadcrumbitem"}]}]